{"id":1999,"date":"2017-07-03T09:21:51","date_gmt":"2017-07-03T09:21:51","guid":{"rendered":"http:\/\/selanne.com\/fi\/?p=1999"},"modified":"2017-08-15T12:21:55","modified_gmt":"2017-08-15T12:21:55","slug":"video-selanne-toronton-hockey-hall-of-fameen","status":"publish","type":"post","link":"https:\/\/selanne.com\/fi\/video-selanne-toronton-hockey-hall-of-fameen\/","title":{"rendered":"VIDEO: SEL\u00c4NNE TORONTON HOCKEY HALL OF FAMEEN"},"content":{"rendered":"<p>Teemu Sel\u00e4nteest\u00e4 tulee marraskuussa Jari Kurrin j\u00e4lkeen kautta aikojen toinen suomalainen, joka aateloidaan Toronton Hockey Hall of Fameen. J\u00e4\u00e4kiekkoilun arvostetuimpaan kunniagalleriaan valittiin lis\u00e4ksi Sel\u00e4nteen monivuotinen tutkapari Paul Kariya, Mark Recchi ja Dave Andreychuk sek\u00e4 naiskiekon legenda Danielle Goyotte, Boston Bruinsin omistaja Jeremy Jacobs ja valmentaja Clare Drake.<\/p>\n<p><a href=\"http:\/\/md-akc.med.nhl.com\/mp4\/nhl\/2017\/06\/26\/07f67958-586e-4320-8b61-9fed94c1eb35\/1498509385750\/asset_1800k.mp4\"><img loading=\"lazy\" decoding=\"async\" src=\"http:\/\/selanne.com\/wp-site\/wp-content\/uploads\/2017\/07\/selannehoffcall.jpg\" alt=\"selannehoffcall\" width=\"838\" height=\"470\" class=\"alignnone size-full wp-image-2000\" srcset=\"https:\/\/selanne.com\/wp-site\/wp-content\/uploads\/2017\/07\/selannehoffcall.jpg 838w, https:\/\/selanne.com\/wp-site\/wp-content\/uploads\/2017\/07\/selannehoffcall-300x168.jpg 300w, https:\/\/selanne.com\/wp-site\/wp-content\/uploads\/2017\/07\/selannehoffcall-768x431.jpg 768w, https:\/\/selanne.com\/wp-site\/wp-content\/uploads\/2017\/07\/selannehoffcall-651x365.jpg 651w, https:\/\/selanne.com\/wp-site\/wp-content\/uploads\/2017\/07\/selannehoffcall-251x141.jpg 251w, https:\/\/selanne.com\/wp-site\/wp-content\/uploads\/2017\/07\/selannehoffcall-332x186.jpg 332w\" sizes=\"auto, (max-width: 838px) 100vw, 838px\" \/><\/a><\/p>\n<p>&#8211; T\u00e4m\u00e4 on suurin mahdollinen kunnianosoitus, jonka j\u00e4\u00e4kiekkoilija voi saada ja mahtava kruunu uralleni, Teemu sanoo.<\/p>\n<p>Sel\u00e4nne valittiin aikaisemmin t\u00e4n\u00e4 vuonna Kansainv\u00e4lisen J\u00e4\u00e4kiekkoliiton IIHF:n kunniagalleriaan. Toronton Hockey Hall of Fameen on huomattavasti vaikeampi tulla valituksi.<\/p>\n<p>Kurri aateloitiin Torontossa syksyll\u00e4 2001. Nyky\u00e4\u00e4n Kurri on mukana 18-henkisess\u00e4 valintaraadissa, joka kokoontui ja julkisti t\u00e4m\u00e4n vuoden valinnat Torontossa maanantaina.<\/p>\n<p>&#8211; Jari on ollut aina esikuvani. On mielet\u00f6nt\u00e4 ajatella, ett\u00e4 olemme nyt samassa kunniagalleriassa, Teemu jatkaa.<\/p>\n<p>Pelaaja voi p\u00e4\u00e4st\u00e4 ehdolle Hockey Hall of Fameen kolme vuotta uransa p\u00e4\u00e4ttymisen j\u00e4lkeen. P\u00e4\u00e4st\u00e4kseen j\u00e4seneksi ehdokkaan on saatava \u00e4\u00e4nestyksess\u00e4 v\u00e4hint\u00e4\u00e4n 75 prosentin kannatus, eli ainakin 15 valintakomitean j\u00e4senen pit\u00e4\u00e4 puoltaa valintaa. Hockey Hall of Fameen valitaan kunakin vuonna korkeintaan nelj\u00e4 miespelaajaa, yksi naispelaaja, kaksi toimitsijaa ja yksi p\u00e4\u00e4tuomari tai linjamies.<\/p>\n<p>Sel\u00e4nne oli ylivoimaisesti suurin suosikki t\u00e4m\u00e4n vuoden ehdokkaista, mutta silti entisen huippuhy\u00f6kk\u00e4\u00e4j\u00e4n ja Hockey Hall of Famen puheenjohtajan Lanny McDonaldin puhelinsoitto (video) s\u00e4v\u00e4hdytti kiekkolegendaa maanantai-iltana.<\/p>\n<p>&#8211; Osasin toki odottaa sit\u00e4, ett\u00e4 puhelin voisi soida, mutta silti menin l\u00e4hes sanattomaksi, kun Lanny soitti. Olen todella kiitollinen siit\u00e4, ett\u00e4 tukenani on ollut koko urani ajan niin paljon minulle t\u00e4rkeit\u00e4 ihmisi\u00e4, kuten perheeni, pelikaverini ja yst\u00e4v\u00e4ni. Heille kaikille kuuluu osa t\u00e4st\u00e4 valinnasta. P\u00e4\u00e4sin pelaamaan loistavien pelaajien kanssa ja olin onnekas, ett\u00e4 sain jokaisessa pelaamassani seurassa ison roolin, Teemu sanoo.<\/p>\n<p>&#8211; L\u00e4mpim\u00e4t onnittelut my\u00f6s Paulille, Markille ja Davelle sek\u00e4 Daniellelle, Jeremylle ja Clarelle. Paulin kanssa pelasin urani parasta j\u00e4\u00e4kiekkoa. Henkil\u00f6kemiamme oli jotain sellaista, jota harvoin n\u00e4kee kahden pelaajan v\u00e4lill\u00e4. Yhteispelimme Paulin kanssa oli maagista.<\/p>\n<p>Vuoden 2017 Hockey Hall of Fame -seremonia j\u00e4rjestet\u00e4\u00e4n Torontossa 13. marraskuuta.<\/p>\n","protected":false},"excerpt":{"rendered":"<p>Teemu Sel\u00e4nteest\u00e4 tulee marraskuussa Jari Kurrin j\u00e4lkeen kautta aikojen toinen suomalainen, joka aateloidaan Toronton Hockey Hall of Fameen. J\u00e4\u00e4kiekkoilun arvostetuimpaan kunniagalleriaan valittiin lis\u00e4ksi Sel\u00e4nteen monivuotinen tutkapari Paul Kariya, Mark Recchi ja Dave Andreychuk sek\u00e4 naiskiekon legenda Danielle Goyotte, Boston Bruinsin omistaja Jeremy Jacobs ja valmentaja Clare Drake. &#8211; T\u00e4m\u00e4 on suurin mahdollinen kunnianosoitus, jonka j\u00e4\u00e4kiekkoilija [&hellip;]<\/p>\n","protected":false},"author":1,"featured_media":0,"comment_status":"open","ping_status":"open","sticky":false,"template":"","format":"standard","meta":{"_acf_changed":false,"footnotes":""},"categories":[48,49],"tags":[],"class_list":["post-1999","post","type-post","status-publish","format-standard","hentry","category-uutinen","category-video-fi"],"acf":[],"_links":{"self":[{"href":"https:\/\/selanne.com\/fi\/wp-json\/wp\/v2\/posts\/1999","targetHints":{"allow":["GET"]}}],"collection":[{"href":"https:\/\/selanne.com\/fi\/wp-json\/wp\/v2\/posts"}],"about":[{"href":"https:\/\/selanne.com\/fi\/wp-json\/wp\/v2\/types\/post"}],"author":[{"embeddable":true,"href":"https:\/\/selanne.com\/fi\/wp-json\/wp\/v2\/users\/1"}],"replies":[{"embeddable":true,"href":"https:\/\/selanne.com\/fi\/wp-json\/wp\/v2\/comments?post=1999"}],"version-history":[{"count":3,"href":"https:\/\/selanne.com\/fi\/wp-json\/wp\/v2\/posts\/1999\/revisions"}],"predecessor-version":[{"id":2028,"href":"https:\/\/selanne.com\/fi\/wp-json\/wp\/v2\/posts\/1999\/revisions\/2028"}],"wp:attachment":[{"href":"https:\/\/selanne.com\/fi\/wp-json\/wp\/v2\/media?parent=1999"}],"wp:term":[{"taxonomy":"category","embeddable":true,"href":"https:\/\/selanne.com\/fi\/wp-json\/wp\/v2\/categories?post=1999"},{"taxonomy":"post_tag","embeddable":true,"href":"https:\/\/selanne.com\/fi\/wp-json\/wp\/v2\/tags?post=1999"}],"curies":[{"name":"wp","href":"https:\/\/api.w.org\/{rel}","templated":true}]}}