{"id":863,"date":"2015-11-11T07:52:49","date_gmt":"2015-11-11T07:52:49","guid":{"rendered":"http:\/\/selanne.com\/fi\/?p=863"},"modified":"2015-12-14T20:29:24","modified_gmt":"2015-12-14T20:29:24","slug":"sel8nne-mallisto-lanseerataan-kaliforniassa-ja-suomessa-kesalla-2016","status":"publish","type":"post","link":"https:\/\/selanne.com\/fi\/sel8nne-mallisto-lanseerataan-kaliforniassa-ja-suomessa-kesalla-2016\/","title":{"rendered":"Sel8nne-mallisto lanseerataan Kaliforniassa ja Suomessa kes\u00e4ll\u00e4 2016"},"content":{"rendered":"<p><iframe loading=\"lazy\" title=\"Kalevala Koru: K8SI by Teemu Sel\u00e4nne\" width=\"500\" height=\"281\" src=\"https:\/\/www.youtube.com\/embed\/of5fryPFJ1I?feature=oembed\" frameborder=\"0\" allow=\"accelerometer; autoplay; clipboard-write; encrypted-media; gyroscope; picture-in-picture; web-share\" referrerpolicy=\"strict-origin-when-cross-origin\" allowfullscreen><\/iframe><\/p>\n<p>Teemu Sel\u00e4nne tekee taas historiaa kes\u00e4ll\u00e4 2016. H\u00e4nest\u00e4 tulee tuolloin ensimm\u00e4inen suomalainen, joka lanseeraa henkil\u00f6br\u00e4ndi\u00e4 kantavan vaatemalliston ulkomailla.<\/p>\n<p>&#8211; Onhan se kova juttu. Malliston globaalina kauppapaikkana toimii Teemun oma nettisivusto selanne.com ja valitut v\u00e4hitt\u00e4iskaupat niin Suomessa kuin USA:ssa, malliston tuottavan Logonetin toimitusjohtaja Lauri Hulkko sanoo.<\/p>\n<p>Sel8nne-mallisto lanseerataan samaan aikaan Kaliforniassa ja Suomessa. Se koostuu vaatteista liikunnallisille ja aktiivisille aikuisille. Mallistosuunnittelu on tehty yhdess\u00e4 Teemun kanssa ja siit\u00e4 on vastannut Logonetin konseptisuunnittelija P\u00e4ivi Jokelainen.<\/p>\n<p>Teemu on osallistunut my\u00f6s muiden Sel8nne-br\u00e4ndin tuotteiden suunnitteluun. Kalevala Koru julkisti 11. marraskuuta K8SI-korun yhdess\u00e4 Teemun kanssa, ja tammikuussa 2016 lanseerataan TS8-lis\u00e4ravinteet. Selanne.comissa julkaistaan vuoden 2016 aikana liikunta- ja ravintovihjeit\u00e4 lapsille ja nuorille.<\/p>\n<p>&#8211; Haluan tehd\u00e4 omalta osalta kaikkeni, ett\u00e4 lapset liikkuisivat enemm\u00e4n ja s\u00f6isiv\u00e4t terveellisemmin, Teemu sanoo.<\/p>\n<p>Lis\u00e4tietoa Sel8nne-kaupasta sivuston yl\u00e4valikosta kohdasta \u201dKauppa\u201d.<\/p>\n","protected":false},"excerpt":{"rendered":"<p>Teemu Sel\u00e4nne tekee taas historiaa kes\u00e4ll\u00e4 2016. H\u00e4nest\u00e4 tulee tuolloin ensimm\u00e4inen suomalainen, joka lanseeraa henkil\u00f6br\u00e4ndi\u00e4 kantavan vaatemalliston ulkomailla. &#8211; Onhan se kova juttu. Malliston globaalina kauppapaikkana toimii Teemun oma nettisivusto selanne.com ja valitut v\u00e4hitt\u00e4iskaupat niin Suomessa kuin USA:ssa, malliston tuottavan Logonetin toimitusjohtaja Lauri Hulkko sanoo. Sel8nne-mallisto lanseerataan samaan aikaan Kaliforniassa ja Suomessa. Se koostuu vaatteista [&hellip;]<\/p>\n","protected":false},"author":1,"featured_media":0,"comment_status":"open","ping_status":"open","sticky":false,"template":"","format":"standard","meta":{"_acf_changed":false,"footnotes":""},"categories":[48],"tags":[],"class_list":["post-863","post","type-post","status-publish","format-standard","hentry","category-uutinen"],"acf":[],"_links":{"self":[{"href":"https:\/\/selanne.com\/fi\/wp-json\/wp\/v2\/posts\/863","targetHints":{"allow":["GET"]}}],"collection":[{"href":"https:\/\/selanne.com\/fi\/wp-json\/wp\/v2\/posts"}],"about":[{"href":"https:\/\/selanne.com\/fi\/wp-json\/wp\/v2\/types\/post"}],"author":[{"embeddable":true,"href":"https:\/\/selanne.com\/fi\/wp-json\/wp\/v2\/users\/1"}],"replies":[{"embeddable":true,"href":"https:\/\/selanne.com\/fi\/wp-json\/wp\/v2\/comments?post=863"}],"version-history":[{"count":2,"href":"https:\/\/selanne.com\/fi\/wp-json\/wp\/v2\/posts\/863\/revisions"}],"predecessor-version":[{"id":1070,"href":"https:\/\/selanne.com\/fi\/wp-json\/wp\/v2\/posts\/863\/revisions\/1070"}],"wp:attachment":[{"href":"https:\/\/selanne.com\/fi\/wp-json\/wp\/v2\/media?parent=863"}],"wp:term":[{"taxonomy":"category","embeddable":true,"href":"https:\/\/selanne.com\/fi\/wp-json\/wp\/v2\/categories?post=863"},{"taxonomy":"post_tag","embeddable":true,"href":"https:\/\/selanne.com\/fi\/wp-json\/wp\/v2\/tags?post=863"}],"curies":[{"name":"wp","href":"https:\/\/api.w.org\/{rel}","templated":true}]}}